{"id":101,"date":"2024-05-14T10:36:49","date_gmt":"2024-05-14T08:36:49","guid":{"rendered":"https:\/\/vannescyclorandonneurs.fr\/?p=101"},"modified":"2026-01-10T01:33:14","modified_gmt":"2026-01-10T00:33:14","slug":"101","status":"publish","type":"post","link":"https:\/\/vannescyclorandonneurs.fr\/index.php\/2024\/05\/14\/101\/","title":{"rendered":"Picnic du 1er Mai"},"content":{"rendered":"\n<p>Une trentaine de cyclos et cyclotes sur la route ce jour pour un sympathique picnic sur le port de Tr\u00e9higuier avec des visites comment\u00e9es par Jean Paul \u00e0 la Chapelle et au Manoir de Lantiern puis \u00e0 la tombe de Petit Breton \u00e0 P\u00e9nestin ainsi qu&rsquo;\u00e0 la belle plage de la Mine D&rsquo;or h\u00e9las sans soleil mais au sec..<\/p>\n\n\n\n<figure class=\"wp-block-image size-full\"><img loading=\"lazy\" decoding=\"async\" width=\"875\" height=\"409\" src=\"http:\/\/vannescyclorandonneurs.fr\/wp-content\/uploads\/2024\/05\/Screenshot_20240501-184134.png\" alt=\"\" class=\"wp-image-100\" srcset=\"https:\/\/vannescyclorandonneurs.fr\/wp-content\/uploads\/2024\/05\/Screenshot_20240501-184134.png 875w, https:\/\/vannescyclorandonneurs.fr\/wp-content\/uploads\/2024\/05\/Screenshot_20240501-184134-300x140.png 300w, https:\/\/vannescyclorandonneurs.fr\/wp-content\/uploads\/2024\/05\/Screenshot_20240501-184134-768x359.png 768w\" sizes=\"auto, (max-width: 767px) 89vw, (max-width: 1000px) 54vw, (max-width: 1071px) 543px, 580px\" \/><\/figure>\n\n\n\n<figure class=\"wp-block-image size-large\"><img loading=\"lazy\" decoding=\"async\" width=\"1024\" height=\"683\" src=\"http:\/\/vannescyclorandonneurs.fr\/wp-content\/uploads\/2024\/05\/0fe1727e-745b-4097-9b12-28dadeb66acb-1_all_12016-1024x683.jpg\" alt=\"\" class=\"wp-image-90\" srcset=\"https:\/\/vannescyclorandonneurs.fr\/wp-content\/uploads\/2024\/05\/0fe1727e-745b-4097-9b12-28dadeb66acb-1_all_12016-1024x683.jpg 1024w, https:\/\/vannescyclorandonneurs.fr\/wp-content\/uploads\/2024\/05\/0fe1727e-745b-4097-9b12-28dadeb66acb-1_all_12016-300x200.jpg 300w, https:\/\/vannescyclorandonneurs.fr\/wp-content\/uploads\/2024\/05\/0fe1727e-745b-4097-9b12-28dadeb66acb-1_all_12016-768x512.jpg 768w, https:\/\/vannescyclorandonneurs.fr\/wp-content\/uploads\/2024\/05\/0fe1727e-745b-4097-9b12-28dadeb66acb-1_all_12016-1536x1024.jpg 1536w, https:\/\/vannescyclorandonneurs.fr\/wp-content\/uploads\/2024\/05\/0fe1727e-745b-4097-9b12-28dadeb66acb-1_all_12016-2048x1366.jpg 2048w\" sizes=\"auto, (max-width: 767px) 89vw, (max-width: 1000px) 54vw, (max-width: 1071px) 543px, 580px\" \/><\/figure>\n\n\n\n<figure class=\"wp-block-image size-full\"><img loading=\"lazy\" decoding=\"async\" width=\"992\" height=\"589\" src=\"http:\/\/vannescyclorandonneurs.fr\/wp-content\/uploads\/2024\/05\/PXL_20240501_093310680.MP2_.jpg\" alt=\"\" class=\"wp-image-97\" srcset=\"https:\/\/vannescyclorandonneurs.fr\/wp-content\/uploads\/2024\/05\/PXL_20240501_093310680.MP2_.jpg 992w, https:\/\/vannescyclorandonneurs.fr\/wp-content\/uploads\/2024\/05\/PXL_20240501_093310680.MP2_-300x178.jpg 300w, https:\/\/vannescyclorandonneurs.fr\/wp-content\/uploads\/2024\/05\/PXL_20240501_093310680.MP2_-768x456.jpg 768w\" sizes=\"auto, (max-width: 767px) 89vw, (max-width: 1000px) 54vw, (max-width: 1071px) 543px, 580px\" \/><\/figure>\n\n\n\n<figure class=\"wp-block-image size-large\"><img loading=\"lazy\" decoding=\"async\" width=\"702\" height=\"1024\" src=\"http:\/\/vannescyclorandonneurs.fr\/wp-content\/uploads\/2024\/05\/PXL_20240501_101610897.MP2_-702x1024.jpg\" alt=\"\" class=\"wp-image-98\" srcset=\"https:\/\/vannescyclorandonneurs.fr\/wp-content\/uploads\/2024\/05\/PXL_20240501_101610897.MP2_-702x1024.jpg 702w, https:\/\/vannescyclorandonneurs.fr\/wp-content\/uploads\/2024\/05\/PXL_20240501_101610897.MP2_-206x300.jpg 206w, https:\/\/vannescyclorandonneurs.fr\/wp-content\/uploads\/2024\/05\/PXL_20240501_101610897.MP2_-768x1120.jpg 768w, https:\/\/vannescyclorandonneurs.fr\/wp-content\/uploads\/2024\/05\/PXL_20240501_101610897.MP2_.jpg 779w\" sizes=\"auto, (max-width: 702px) 100vw, 702px\" \/><\/figure>\n","protected":false},"excerpt":{"rendered":"<p>Une trentaine de cyclos et cyclotes sur la route ce jour pour un sympathique picnic sur le port de Tr\u00e9higuier avec des visites comment\u00e9es par Jean Paul \u00e0 la Chapelle et au Manoir de Lantiern puis \u00e0 la tombe de Petit Breton \u00e0 P\u00e9nestin ainsi qu&rsquo;\u00e0 la belle plage de la Mine D&rsquo;or h\u00e9las sans &hellip; <\/p>\n<p class=\"link-more\"><a href=\"https:\/\/vannescyclorandonneurs.fr\/index.php\/2024\/05\/14\/101\/\" class=\"more-link\">Continuer la lecture<span class=\"screen-reader-text\"> de &laquo;&nbsp;Picnic du 1er Mai&nbsp;&raquo;<\/span><\/a><\/p>\n","protected":false},"author":1,"featured_media":0,"comment_status":"closed","ping_status":"closed","sticky":false,"template":"","format":"standard","meta":{"_acf_changed":false,"footnotes":""},"categories":[1],"tags":[],"class_list":["post-101","post","type-post","status-publish","format-standard","hentry","category-non-classe"],"acf":[],"_links":{"self":[{"href":"https:\/\/vannescyclorandonneurs.fr\/index.php\/wp-json\/wp\/v2\/posts\/101","targetHints":{"allow":["GET"]}}],"collection":[{"href":"https:\/\/vannescyclorandonneurs.fr\/index.php\/wp-json\/wp\/v2\/posts"}],"about":[{"href":"https:\/\/vannescyclorandonneurs.fr\/index.php\/wp-json\/wp\/v2\/types\/post"}],"author":[{"embeddable":true,"href":"https:\/\/vannescyclorandonneurs.fr\/index.php\/wp-json\/wp\/v2\/users\/1"}],"replies":[{"embeddable":true,"href":"https:\/\/vannescyclorandonneurs.fr\/index.php\/wp-json\/wp\/v2\/comments?post=101"}],"version-history":[{"count":2,"href":"https:\/\/vannescyclorandonneurs.fr\/index.php\/wp-json\/wp\/v2\/posts\/101\/revisions"}],"predecessor-version":[{"id":140,"href":"https:\/\/vannescyclorandonneurs.fr\/index.php\/wp-json\/wp\/v2\/posts\/101\/revisions\/140"}],"wp:attachment":[{"href":"https:\/\/vannescyclorandonneurs.fr\/index.php\/wp-json\/wp\/v2\/media?parent=101"}],"wp:term":[{"taxonomy":"category","embeddable":true,"href":"https:\/\/vannescyclorandonneurs.fr\/index.php\/wp-json\/wp\/v2\/categories?post=101"},{"taxonomy":"post_tag","embeddable":true,"href":"https:\/\/vannescyclorandonneurs.fr\/index.php\/wp-json\/wp\/v2\/tags?post=101"}],"curies":[{"name":"wp","href":"https:\/\/api.w.org\/{rel}","templated":true}]}}