{"id":246,"date":"2024-08-13T17:49:21","date_gmt":"2024-08-13T15:49:21","guid":{"rendered":"https:\/\/vannescyclorandonneurs.fr\/?p=246"},"modified":"2026-01-10T01:32:42","modified_gmt":"2026-01-10T00:32:42","slug":"au-depart-du-tour-de-france-feminin","status":"publish","type":"post","link":"https:\/\/vannescyclorandonneurs.fr\/index.php\/2024\/08\/13\/au-depart-du-tour-de-france-feminin\/","title":{"rendered":"Sur le Tour de France f\u00e9minin"},"content":{"rendered":"\n<p>Nos cyclos vannetais sur les lieux du Grand d\u00e9part \u00e0 Rotterdam avant le Grand d\u00e9part \u00e0 Vannes l&rsquo;ann\u00e9e prochaine!<\/p>\n\n\n\n<figure class=\"wp-block-image size-large\"><img loading=\"lazy\" decoding=\"async\" width=\"1024\" height=\"768\" src=\"http:\/\/vannescyclorandonneurs.fr\/wp-content\/uploads\/2024\/08\/WhatsApp-Image-2024-08-13-a-13.24.41_5ca0843a-1024x768.jpg\" alt=\"\" class=\"wp-image-245\" srcset=\"https:\/\/vannescyclorandonneurs.fr\/wp-content\/uploads\/2024\/08\/WhatsApp-Image-2024-08-13-a-13.24.41_5ca0843a-1024x768.jpg 1024w, https:\/\/vannescyclorandonneurs.fr\/wp-content\/uploads\/2024\/08\/WhatsApp-Image-2024-08-13-a-13.24.41_5ca0843a-300x225.jpg 300w, https:\/\/vannescyclorandonneurs.fr\/wp-content\/uploads\/2024\/08\/WhatsApp-Image-2024-08-13-a-13.24.41_5ca0843a-768x576.jpg 768w, https:\/\/vannescyclorandonneurs.fr\/wp-content\/uploads\/2024\/08\/WhatsApp-Image-2024-08-13-a-13.24.41_5ca0843a.jpg 1386w\" sizes=\"auto, (max-width: 767px) 89vw, (max-width: 1000px) 54vw, (max-width: 1071px) 543px, 580px\" \/><\/figure>\n","protected":false},"excerpt":{"rendered":"<p>Nos cyclos vannetais sur les lieux du Grand d\u00e9part \u00e0 Rotterdam avant le Grand d\u00e9part \u00e0 Vannes l&rsquo;ann\u00e9e prochaine!<\/p>\n","protected":false},"author":1,"featured_media":0,"comment_status":"closed","ping_status":"closed","sticky":false,"template":"","format":"standard","meta":{"_acf_changed":false,"footnotes":""},"categories":[1],"tags":[],"class_list":["post-246","post","type-post","status-publish","format-standard","hentry","category-non-classe"],"acf":[],"_links":{"self":[{"href":"https:\/\/vannescyclorandonneurs.fr\/index.php\/wp-json\/wp\/v2\/posts\/246","targetHints":{"allow":["GET"]}}],"collection":[{"href":"https:\/\/vannescyclorandonneurs.fr\/index.php\/wp-json\/wp\/v2\/posts"}],"about":[{"href":"https:\/\/vannescyclorandonneurs.fr\/index.php\/wp-json\/wp\/v2\/types\/post"}],"author":[{"embeddable":true,"href":"https:\/\/vannescyclorandonneurs.fr\/index.php\/wp-json\/wp\/v2\/users\/1"}],"replies":[{"embeddable":true,"href":"https:\/\/vannescyclorandonneurs.fr\/index.php\/wp-json\/wp\/v2\/comments?post=246"}],"version-history":[{"count":2,"href":"https:\/\/vannescyclorandonneurs.fr\/index.php\/wp-json\/wp\/v2\/posts\/246\/revisions"}],"predecessor-version":[{"id":248,"href":"https:\/\/vannescyclorandonneurs.fr\/index.php\/wp-json\/wp\/v2\/posts\/246\/revisions\/248"}],"wp:attachment":[{"href":"https:\/\/vannescyclorandonneurs.fr\/index.php\/wp-json\/wp\/v2\/media?parent=246"}],"wp:term":[{"taxonomy":"category","embeddable":true,"href":"https:\/\/vannescyclorandonneurs.fr\/index.php\/wp-json\/wp\/v2\/categories?post=246"},{"taxonomy":"post_tag","embeddable":true,"href":"https:\/\/vannescyclorandonneurs.fr\/index.php\/wp-json\/wp\/v2\/tags?post=246"}],"curies":[{"name":"wp","href":"https:\/\/api.w.org\/{rel}","templated":true}]}}