{"id":436,"date":"2025-04-10T18:35:59","date_gmt":"2025-04-10T16:35:59","guid":{"rendered":"https:\/\/vannescyclorandonneurs.fr\/?p=436"},"modified":"2026-01-10T01:33:37","modified_gmt":"2026-01-10T00:33:37","slug":"belle-sortie-de-130km-a-quiberon","status":"publish","type":"post","link":"https:\/\/vannescyclorandonneurs.fr\/index.php\/2025\/04\/10\/belle-sortie-de-130km-a-quiberon\/","title":{"rendered":"Belle sortie de 130km \u00e0 Quiberon"},"content":{"rendered":"\n<p>Pause photo \u00e0 Portivy<\/p>\n\n\n\n<figure class=\"wp-block-image size-large\"><img loading=\"lazy\" decoding=\"async\" width=\"1024\" height=\"576\" src=\"http:\/\/vannescyclorandonneurs.fr\/wp-content\/uploads\/2025\/04\/PXL_20250410_094227184-1024x576.jpg\" alt=\"\" class=\"wp-image-431\" srcset=\"https:\/\/vannescyclorandonneurs.fr\/wp-content\/uploads\/2025\/04\/PXL_20250410_094227184-1024x576.jpg 1024w, https:\/\/vannescyclorandonneurs.fr\/wp-content\/uploads\/2025\/04\/PXL_20250410_094227184-300x169.jpg 300w, https:\/\/vannescyclorandonneurs.fr\/wp-content\/uploads\/2025\/04\/PXL_20250410_094227184-768x432.jpg 768w, https:\/\/vannescyclorandonneurs.fr\/wp-content\/uploads\/2025\/04\/PXL_20250410_094227184-1536x864.jpg 1536w, https:\/\/vannescyclorandonneurs.fr\/wp-content\/uploads\/2025\/04\/PXL_20250410_094227184-2048x1152.jpg 2048w\" sizes=\"auto, (max-width: 767px) 89vw, (max-width: 1000px) 54vw, (max-width: 1071px) 543px, 580px\" \/><\/figure>\n\n\n\n<p>Picnic \u00e0 Quiberon<\/p>\n\n\n\n<figure class=\"wp-block-image size-large\"><img loading=\"lazy\" decoding=\"async\" width=\"1024\" height=\"1024\" src=\"http:\/\/vannescyclorandonneurs.fr\/wp-content\/uploads\/2025\/04\/PXL_20250410_104002100-1024x1024.jpg\" alt=\"\" class=\"wp-image-432\" srcset=\"https:\/\/vannescyclorandonneurs.fr\/wp-content\/uploads\/2025\/04\/PXL_20250410_104002100-1024x1024.jpg 1024w, https:\/\/vannescyclorandonneurs.fr\/wp-content\/uploads\/2025\/04\/PXL_20250410_104002100-300x300.jpg 300w, https:\/\/vannescyclorandonneurs.fr\/wp-content\/uploads\/2025\/04\/PXL_20250410_104002100-150x150.jpg 150w, https:\/\/vannescyclorandonneurs.fr\/wp-content\/uploads\/2025\/04\/PXL_20250410_104002100-768x769.jpg 768w, https:\/\/vannescyclorandonneurs.fr\/wp-content\/uploads\/2025\/04\/PXL_20250410_104002100-100x100.jpg 100w, https:\/\/vannescyclorandonneurs.fr\/wp-content\/uploads\/2025\/04\/PXL_20250410_104002100.jpg 1320w\" sizes=\"auto, (max-width: 767px) 89vw, (max-width: 1000px) 54vw, (max-width: 1071px) 543px, 580px\" \/><\/figure>\n\n\n\n<figure class=\"wp-block-image size-large\"><img loading=\"lazy\" decoding=\"async\" width=\"1024\" height=\"576\" src=\"http:\/\/vannescyclorandonneurs.fr\/wp-content\/uploads\/2025\/04\/PXL_20250410_104352456-1024x576.jpg\" alt=\"\" class=\"wp-image-433\" srcset=\"https:\/\/vannescyclorandonneurs.fr\/wp-content\/uploads\/2025\/04\/PXL_20250410_104352456-1024x576.jpg 1024w, https:\/\/vannescyclorandonneurs.fr\/wp-content\/uploads\/2025\/04\/PXL_20250410_104352456-300x169.jpg 300w, https:\/\/vannescyclorandonneurs.fr\/wp-content\/uploads\/2025\/04\/PXL_20250410_104352456-768x432.jpg 768w, https:\/\/vannescyclorandonneurs.fr\/wp-content\/uploads\/2025\/04\/PXL_20250410_104352456-1536x863.jpg 1536w, https:\/\/vannescyclorandonneurs.fr\/wp-content\/uploads\/2025\/04\/PXL_20250410_104352456.jpg 1836w\" sizes=\"auto, (max-width: 767px) 89vw, (max-width: 1000px) 54vw, (max-width: 1071px) 543px, 580px\" \/><\/figure>\n\n\n\n<p>Avec un p&rsquo;tit caf\u00e9<\/p>\n\n\n\n<figure class=\"wp-block-image size-large\"><img loading=\"lazy\" decoding=\"async\" width=\"1024\" height=\"576\" src=\"http:\/\/vannescyclorandonneurs.fr\/wp-content\/uploads\/2025\/04\/PXL_20250410_111759266-1024x576.jpg\" alt=\"\" class=\"wp-image-434\" srcset=\"https:\/\/vannescyclorandonneurs.fr\/wp-content\/uploads\/2025\/04\/PXL_20250410_111759266-1024x576.jpg 1024w, https:\/\/vannescyclorandonneurs.fr\/wp-content\/uploads\/2025\/04\/PXL_20250410_111759266-300x169.jpg 300w, https:\/\/vannescyclorandonneurs.fr\/wp-content\/uploads\/2025\/04\/PXL_20250410_111759266-768x432.jpg 768w, https:\/\/vannescyclorandonneurs.fr\/wp-content\/uploads\/2025\/04\/PXL_20250410_111759266-1536x864.jpg 1536w, https:\/\/vannescyclorandonneurs.fr\/wp-content\/uploads\/2025\/04\/PXL_20250410_111759266.jpg 1979w\" sizes=\"auto, (max-width: 767px) 89vw, (max-width: 1000px) 54vw, (max-width: 1071px) 543px, 580px\" \/><\/figure>\n\n\n\n<p>Et c&rsquo;est le retour avec pause \u00e0 Port Haligen<\/p>\n\n\n\n<figure class=\"wp-block-image size-large\"><img loading=\"lazy\" decoding=\"async\" width=\"1024\" height=\"576\" src=\"http:\/\/vannescyclorandonneurs.fr\/wp-content\/uploads\/2025\/04\/PXL_20250410_114524853-1024x576.jpg\" alt=\"\" class=\"wp-image-435\" srcset=\"https:\/\/vannescyclorandonneurs.fr\/wp-content\/uploads\/2025\/04\/PXL_20250410_114524853-1024x576.jpg 1024w, https:\/\/vannescyclorandonneurs.fr\/wp-content\/uploads\/2025\/04\/PXL_20250410_114524853-300x169.jpg 300w, https:\/\/vannescyclorandonneurs.fr\/wp-content\/uploads\/2025\/04\/PXL_20250410_114524853-768x432.jpg 768w, https:\/\/vannescyclorandonneurs.fr\/wp-content\/uploads\/2025\/04\/PXL_20250410_114524853-1536x864.jpg 1536w, https:\/\/vannescyclorandonneurs.fr\/wp-content\/uploads\/2025\/04\/PXL_20250410_114524853.jpg 1954w\" sizes=\"auto, (max-width: 767px) 89vw, (max-width: 1000px) 54vw, (max-width: 1071px) 543px, 580px\" \/><\/figure>\n\n\n\n<figure class=\"wp-block-image size-large\"><img loading=\"lazy\" decoding=\"async\" width=\"1024\" height=\"683\" src=\"http:\/\/vannescyclorandonneurs.fr\/wp-content\/uploads\/2025\/04\/WhatsApp-Image-2025-04-11-a-08.55.31_86fd79b1-1024x683.jpg\" alt=\"\" class=\"wp-image-438\" srcset=\"https:\/\/vannescyclorandonneurs.fr\/wp-content\/uploads\/2025\/04\/WhatsApp-Image-2025-04-11-a-08.55.31_86fd79b1-1024x683.jpg 1024w, https:\/\/vannescyclorandonneurs.fr\/wp-content\/uploads\/2025\/04\/WhatsApp-Image-2025-04-11-a-08.55.31_86fd79b1-300x200.jpg 300w, https:\/\/vannescyclorandonneurs.fr\/wp-content\/uploads\/2025\/04\/WhatsApp-Image-2025-04-11-a-08.55.31_86fd79b1-768x512.jpg 768w, https:\/\/vannescyclorandonneurs.fr\/wp-content\/uploads\/2025\/04\/WhatsApp-Image-2025-04-11-a-08.55.31_86fd79b1-1536x1024.jpg 1536w, https:\/\/vannescyclorandonneurs.fr\/wp-content\/uploads\/2025\/04\/WhatsApp-Image-2025-04-11-a-08.55.31_86fd79b1-2048x1366.jpg 2048w\" sizes=\"auto, (max-width: 767px) 89vw, (max-width: 1000px) 54vw, (max-width: 1071px) 543px, 580px\" \/><\/figure>\n","protected":false},"excerpt":{"rendered":"<p>Pause photo \u00e0 Portivy Picnic \u00e0 Quiberon Avec un p&rsquo;tit caf\u00e9 Et c&rsquo;est le retour avec pause \u00e0 Port Haligen<\/p>\n","protected":false},"author":1,"featured_media":0,"comment_status":"closed","ping_status":"closed","sticky":false,"template":"","format":"standard","meta":{"_acf_changed":false,"footnotes":""},"categories":[1],"tags":[],"class_list":["post-436","post","type-post","status-publish","format-standard","hentry","category-non-classe"],"acf":[],"_links":{"self":[{"href":"https:\/\/vannescyclorandonneurs.fr\/index.php\/wp-json\/wp\/v2\/posts\/436","targetHints":{"allow":["GET"]}}],"collection":[{"href":"https:\/\/vannescyclorandonneurs.fr\/index.php\/wp-json\/wp\/v2\/posts"}],"about":[{"href":"https:\/\/vannescyclorandonneurs.fr\/index.php\/wp-json\/wp\/v2\/types\/post"}],"author":[{"embeddable":true,"href":"https:\/\/vannescyclorandonneurs.fr\/index.php\/wp-json\/wp\/v2\/users\/1"}],"replies":[{"embeddable":true,"href":"https:\/\/vannescyclorandonneurs.fr\/index.php\/wp-json\/wp\/v2\/comments?post=436"}],"version-history":[{"count":2,"href":"https:\/\/vannescyclorandonneurs.fr\/index.php\/wp-json\/wp\/v2\/posts\/436\/revisions"}],"predecessor-version":[{"id":439,"href":"https:\/\/vannescyclorandonneurs.fr\/index.php\/wp-json\/wp\/v2\/posts\/436\/revisions\/439"}],"wp:attachment":[{"href":"https:\/\/vannescyclorandonneurs.fr\/index.php\/wp-json\/wp\/v2\/media?parent=436"}],"wp:term":[{"taxonomy":"category","embeddable":true,"href":"https:\/\/vannescyclorandonneurs.fr\/index.php\/wp-json\/wp\/v2\/categories?post=436"},{"taxonomy":"post_tag","embeddable":true,"href":"https:\/\/vannescyclorandonneurs.fr\/index.php\/wp-json\/wp\/v2\/tags?post=436"}],"curies":[{"name":"wp","href":"https:\/\/api.w.org\/{rel}","templated":true}]}}